{"id":5973,"date":"2025-12-13T16:22:07","date_gmt":"2025-12-13T15:22:07","guid":{"rendered":"https:\/\/www.astronomy.tours\/nos-unimos-oficialmente-a-agrosimbiosislab\/"},"modified":"2025-12-13T16:51:01","modified_gmt":"2025-12-13T15:51:01","slug":"nos-unimos-oficialmente-a-agrosimbiosislab","status":"publish","type":"post","link":"https:\/\/www.astronomy.tours\/es\/nos-unimos-oficialmente-a-agrosimbiosislab\/","title":{"rendered":"Nos unimos oficialmente a AgroSimbiosisLab"},"content":{"rendered":"\n<p><strong>Nos unimos oficialmente a AgroSimbiosisLab<\/strong><\/p>\n\n<figure class=\"wp-block-gallery has-nested-images columns-default is-cropped wp-block-gallery-1 is-layout-flex wp-block-gallery-is-layout-flex\">\n<figure class=\"wp-block-image size-large\"><img fetchpriority=\"high\" decoding=\"async\" width=\"960\" height=\"960\" data-id=\"5963\" src=\"https:\/\/www.astronomy.tours\/wp-content\/uploads\/2025\/12\/IMG_2828.jpg\" alt=\"\" class=\"wp-image-5963\" srcset=\"https:\/\/www.astronomy.tours\/wp-content\/uploads\/2025\/12\/IMG_2828.jpg 960w, https:\/\/www.astronomy.tours\/wp-content\/uploads\/2025\/12\/IMG_2828-300x300.jpg 300w, https:\/\/www.astronomy.tours\/wp-content\/uploads\/2025\/12\/IMG_2828-150x150.jpg 150w, https:\/\/www.astronomy.tours\/wp-content\/uploads\/2025\/12\/IMG_2828-768x768.jpg 768w, https:\/\/www.astronomy.tours\/wp-content\/uploads\/2025\/12\/IMG_2828-600x600.jpg 600w, https:\/\/www.astronomy.tours\/wp-content\/uploads\/2025\/12\/IMG_2828-100x100.jpg 100w\" sizes=\"(max-width: 960px) 100vw, 960px\" \/><\/figure>\n<\/figure>\n\n<p>Algunos anuncios son f\u00e1ciles de hacer. Otros marcan un momento en el que los valores a largo plazo, las decisiones pasadas y los planes futuros finalmente se alinean. Este es uno de esos momentos.  <\/p>\n\n<p>Hace tres semanas, <strong><a href=\"https:\/\/www.astronomy.tours\/es\/\">Finca Astron\u00f3mica<\/a> se incorpor\u00f3 oficialmente a <a href=\"https:\/\/www.agrosimbiosislab.com\/\">AgroSimbiosisLab<\/a><\/strong>, un proyecto regional importante coordinado por la <strong>Universidad de Murcia<\/strong> y apoyado por la <strong>Fundaci\u00f3n Biodiversidad.<\/strong> Formar parte de AgroSimbiosisLab refuerza nuestra misi\u00f3n de avanzar en la transici\u00f3n agroecol\u00f3gica en la <strong>cuenca del Mar Menor.<\/strong> <\/p>\n\n<p>Para nosotros, esto no es solo otra colaboraci\u00f3n. Es un reconocimiento a un camino que iniciamos hace a\u00f1os. Al mismo tiempo, abre la puerta a un esfuerzo colectivo mucho m\u00e1s amplio.  <\/p>\n\n<hr class=\"wp-block-separator has-alpha-channel-opacity\"\/>\n\n<h2 class=\"wp-block-heading\">Una visita que confirm\u00f3 la direcci\u00f3n<\/h2>\n\n<p>Hace dos semanas, recibimos a el <strong>Profesor Jos\u00e9 M\u00aa Egea<\/strong>, catedr\u00e1tico de Bot\u00e1nica en la Universidad de Murcia y coordinador del proyecto <em>\u201cAgroSimbiosis, un laboratorio vivo para la transici\u00f3n agroecol\u00f3gica de la cuenca del Mar Menor.\u201d<\/em><\/p>\n\n<p>Durante su visita, recorrimos juntos la finca. Se revisaron los sistemas existentes. Finalmente, discutimos hacia d\u00f3nde se dirige Finca Astron\u00f3mica.  <\/p>\n\n<p>Estas conversaciones importan. Son donde la ciencia se encuentra con el territorio. M\u00e1s importante a\u00fan, donde la teor\u00eda se convierte en pr\u00e1ctica.  <\/p>\n\n<p>Adem\u00e1s, nos enorgullece confirmar que <strong><a href=\"https:\/\/www.astronomy.tours\/es\/\">Finca Astron\u00f3mica<\/a> aparecer\u00e1 en la gu\u00eda oficial de <a href=\"https:\/\/www.agrosimbiosislab.com\/\">AgroSimbiosisLab<\/a><\/strong>, junto a otras iniciativas clave que generan cambios ambientales y agr\u00edcolas medibles en la regi\u00f3n.<\/p>\n\n<figure class=\"wp-block-gallery has-nested-images columns-default is-cropped wp-block-gallery-2 is-layout-flex wp-block-gallery-is-layout-flex\">\n<figure class=\"wp-block-image size-large\"><img decoding=\"async\" width=\"768\" height=\"1024\" data-id=\"5960\" src=\"https:\/\/www.astronomy.tours\/wp-content\/uploads\/2025\/12\/IMG_2829-768x1024.jpg\" alt=\"\" class=\"wp-image-5960\" srcset=\"https:\/\/www.astronomy.tours\/wp-content\/uploads\/2025\/12\/IMG_2829-768x1024.jpg 768w, https:\/\/www.astronomy.tours\/wp-content\/uploads\/2025\/12\/IMG_2829-225x300.jpg 225w, https:\/\/www.astronomy.tours\/wp-content\/uploads\/2025\/12\/IMG_2829-1152x1536.jpg 1152w, https:\/\/www.astronomy.tours\/wp-content\/uploads\/2025\/12\/IMG_2829-600x800.jpg 600w, https:\/\/www.astronomy.tours\/wp-content\/uploads\/2025\/12\/IMG_2829.jpg 1350w\" sizes=\"(max-width: 768px) 100vw, 768px\" \/><\/figure>\n<\/figure>\n\n<hr class=\"wp-block-separator has-alpha-channel-opacity\"\/>\n\n<h2 class=\"wp-block-heading\">\u00bfQu\u00e9 es AgroSimbiosisLab?<\/h2>\n\n<p><a href=\"https:\/\/www.agrosimbiosislab.com\/\">AgroSimbiosisLab<\/a> est\u00e1 dise\u00f1ado como un <strong>laboratorio vivo.<\/strong> No es una met\u00e1fora; es un modelo de trabajo.  <\/p>\n\n<p>Su objetivo es impulsar la verdadera transici\u00f3n agroecol\u00f3gica en la cuenca del Mar Menor a trav\u00e9s de:<\/p>\n\n<ul class=\"wp-block-list\">\n<li>restauraci\u00f3n del suelo y la biodiversidad<\/li>\n\n\n\n<li>transformaci\u00f3n de las pr\u00e1cticas agr\u00edcolas<\/li>\n\n\n\n<li>fortalecimiento de los sistemas alimentarios locales y regionales<\/li>\n\n\n\n<li>colaboraci\u00f3n activa entre ciencia, gestores del territorio y sociedad<\/li>\n<\/ul>\n\n<p>En lugar de acciones piloto aisladas, el proyecto construye una<strong> red de sitios de implementaci\u00f3n e instituciones de investigaci\u00f3n.<\/strong> En esta red, las soluciones se prueban, refinan y escalan. <\/p>\n\n<p>En resumen, este proyecto se centra en hacer, medir, ajustar y mejorar. No se trata de producir informes que nunca salen de un estante. <\/p>\n\n<hr class=\"wp-block-separator has-alpha-channel-opacity\"\/>\n\n<h2 class=\"wp-block-heading\"><a href=\"https:\/\/fundacion-biodiversidad.es\/\">Alcance del proyecto y marco institucional<\/a><\/h2>\n\n<p><a href=\"https:\/\/www.agrosimbiosislab.com\/\">AgroSimbiosisLab<\/a> opera a <strong>niveles estrat\u00e9gicos regional y nacional.<\/strong><\/p>\n\n<ul class=\"wp-block-list\">\n<li><strong>Coordinado por:<\/strong> Universidad de Murcia<\/li>\n\n\n\n<li><strong>Ecosistema cient\u00edfico:<\/strong> CEBAS\u2013CSIC<\/li>\n\n\n\n<li><strong>Financiado por:<\/strong> Fundaci\u00f3n Biodiversidad (MITECO)<\/li>\n\n\n\n<li>Duraci\u00f3n del proyecto: 2024\u20132026<\/li>\n<\/ul>\n\n<p><strong>Presupuesto total:<\/strong> aproximadamente 2.000.000 \u20ac<br\/><strong>Financiaci\u00f3n p\u00fablica:<\/strong> aproximadamente 1.800.000 \u20ac<\/p>\n\n<p>El proyecto se implementa a trav\u00e9s de una red seleccionada de sitios y socios. Estos son elegidos por su capacidad de entregar una verdadera transici\u00f3n agroecol\u00f3gica, con responsabilidad, monitoreo y visi\u00f3n a largo plazo. <\/p>\n\n<p>Formar parte de <a href=\"https:\/\/www.agrosimbiosislab.com\/\">AgroSimbiosisLab<\/a> significa trabajar dentro de un marco de rigor cient\u00edfico, responsabilidad territorial e impacto medible.<\/p>\n\n<hr class=\"wp-block-separator has-alpha-channel-opacity\"\/>\n\n<h2 class=\"wp-block-heading\">Por qu\u00e9 esto nos importa<\/h2>\n\n<p>Cuando llegamos a esta zona hace cinco a\u00f1os, nos enamoramos del Mar Menor. Su luz, su paisaje y su belleza fr\u00e1gil se destacaban de inmediato. <\/p>\n\n<p>Sin embargo, su vulnerabilidad era igualmente evidente. La necesidad de un cuidado reflexivo y a largo plazo era imposible de ignorar. <\/p>\n\n<p>Desde el principio, <strong><a href=\"https:\/\/www.astronomy.tours\/es\/\">Finca Astron\u00f3mica<\/a> fue dise\u00f1ada como un proyecto regenerativo de bajo impacto<\/strong>, integrando:<\/p>\n\n<ul class=\"wp-block-list\">\n<li>sistemas de energ\u00eda fuera de la red<\/li>\n\n\n\n<li>gesti\u00f3n del agua eficiente y responsable<\/li>\n\n\n\n<li>infraestructura de impacto m\u00ednimo<\/li>\n\n\n\n<li>profundo respeto por la tierra, el cielo y la biodiversidad<\/li>\n<\/ul>\n\n<p>La sostenibilidad nunca fue un a\u00f1adido; fue la base. <\/p>\n\n<figure class=\"wp-block-image size-full\"><img decoding=\"async\" width=\"1350\" height=\"1800\" src=\"https:\/\/www.astronomy.tours\/wp-content\/uploads\/2025\/12\/IMG_2830.jpg\" alt=\"\" class=\"wp-image-5966\" srcset=\"https:\/\/www.astronomy.tours\/wp-content\/uploads\/2025\/12\/IMG_2830.jpg 1350w, https:\/\/www.astronomy.tours\/wp-content\/uploads\/2025\/12\/IMG_2830-225x300.jpg 225w, https:\/\/www.astronomy.tours\/wp-content\/uploads\/2025\/12\/IMG_2830-768x1024.jpg 768w, https:\/\/www.astronomy.tours\/wp-content\/uploads\/2025\/12\/IMG_2830-1152x1536.jpg 1152w, https:\/\/www.astronomy.tours\/wp-content\/uploads\/2025\/12\/IMG_2830-600x800.jpg 600w\" sizes=\"(max-width: 1350px) 100vw, 1350px\" \/><\/figure>\n\n<hr class=\"wp-block-separator has-alpha-channel-opacity\"\/>\n\n<h2 class=\"wp-block-heading\">Eco-alimentaci\u00f3n: una transici\u00f3n ya en marcha<\/h2>\n\n<p>Hoy, esta filosof\u00eda se extiende naturalmente a la alimentaci\u00f3n.<\/p>\n\n<p>En <a href=\"https:\/\/www.astronomy.tours\/es\/\">Finca Astron\u00f3mica<\/a>, ya estamos implementando una <strong>transici\u00f3n eco-alimentaria<\/strong>. Este enfoque prioriza granjas ecol\u00f3gicas locales y certificadas, con cadenas de suministro cortas. Como resultado, la alimentaci\u00f3n forma parte del mismo sistema que la energ\u00eda, el agua y la gesti\u00f3n del territorio.  <\/p>\n\n<p>Esta estrategia apoya a los productores agroecol\u00f3gicos de la regi\u00f3n. Al mismo tiempo, reduce el impacto ambiental y fortalece la resiliencia local. <\/p>\n\n<p>Es un primer paso. Y, lo m\u00e1s importante, uno intencional. <\/p>\n\n<hr class=\"wp-block-separator has-alpha-channel-opacity\"\/>\n\n<h2 class=\"wp-block-heading\">De la adquisici\u00f3n a la producci\u00f3n: qu\u00e9 sigue<\/h2>\n\n<p>Nuestra colaboraci\u00f3n con <a href=\"https:\/\/www.agrosimbiosislab.com\/\">AgroSimbiosisLab<\/a> no es est\u00e1tica. Al contrario, est\u00e1 dise\u00f1ada para expandirse. <\/p>\n\n<p>Actualmente estamos en proceso de adquirir nuevas tierras agr\u00edcolas. En estas tierras, se implementar\u00e1n pr\u00e1cticas agroecol\u00f3gicas desde cero. Todas las acciones se alinear\u00e1n con el marco cient\u00edfico y los objetivos a largo plazo del proyecto.  <\/p>\n\n<p>Esta nueva fase nos permitir\u00e1 pasar de la adquisici\u00f3n de alimentos eco a la <strong>producci\u00f3n activa, experimentaci\u00f3n e intercambio de conocimientos<\/strong> dentro del ecosistema de AgroSimbiosisLab.<\/p>\n\n<p>Las tierras se convertir\u00e1n en un espacio donde:<\/p>\n\n<ul class=\"wp-block-list\">\n<li>se aplican y monitorean pr\u00e1cticas agroecol\u00f3gicas<\/li>\n\n\n\n<li>se realiza educaci\u00f3n y participaci\u00f3n p\u00fablica<\/li>\n\n\n\n<li>se ejerce la responsabilidad territorial a largo plazo<\/li>\n<\/ul>\n\n<hr class=\"wp-block-separator has-alpha-channel-opacity\"\/>\n\n<h2 class=\"wp-block-heading\">Donde se encuentran la ciencia, la tierra y las personas<\/h2>\n\n<p><a href=\"https:\/\/www.astronomy.tours\/es\/\">Finca Astron\u00f3mica<\/a> se encuentra en una intersecci\u00f3n inusual, donde la astronom\u00eda se encuentra con la gesti\u00f3n de la tierra. Aqu\u00ed, la ciencia est\u00e1 estrechamente vinculada con la educaci\u00f3n, y los cielos nocturnos son inseparables del suelo que los sostiene. <\/p>\n\n<p>Formar parte de <a href=\"https:\/\/www.agrosimbiosislab.com\/\">AgroSimbiosisLab<\/a> fortalece esta intersecci\u00f3n y muestra que la responsabilidad ambiental no vive en compartimentos estancos. Cuidar del cielo y cuidar de la tierra forman parte de la misma visi\u00f3n del mundo.  <\/p>\n\n<p>La ciencia necesita tierra. El compromiso sostiene esa tierra. El cambio real necesita ambos.  <\/p>\n\n<p>Nos enorgullece formar parte de <strong><a href=\"https:\/\/www.agrosimbiosislab.com\/\">AgroSimbiosisLab<\/a><\/strong> \u2014 y estamos a\u00fan m\u00e1s emocionados por lo que viene \ud83c\udf31\u2728<\/p>\n\n<figure class=\"wp-block-image size-full\"><img loading=\"lazy\" decoding=\"async\" width=\"960\" height=\"803\" src=\"https:\/\/www.astronomy.tours\/wp-content\/uploads\/2025\/12\/IMG_2827.jpg\" alt=\"\" class=\"wp-image-5969\" srcset=\"https:\/\/www.astronomy.tours\/wp-content\/uploads\/2025\/12\/IMG_2827.jpg 960w, https:\/\/www.astronomy.tours\/wp-content\/uploads\/2025\/12\/IMG_2827-300x251.jpg 300w, https:\/\/www.astronomy.tours\/wp-content\/uploads\/2025\/12\/IMG_2827-768x642.jpg 768w, https:\/\/www.astronomy.tours\/wp-content\/uploads\/2025\/12\/IMG_2827-600x502.jpg 600w\" sizes=\"(max-width: 960px) 100vw, 960px\" \/><\/figure>\n\n<p><\/p>\n","protected":false},"excerpt":{"rendered":"<p>Nos unimos oficialmente a AgroSimbiosisLab Algunos anuncios son f\u00e1ciles de hacer. Otros marcan un momento en el que los valores a largo plazo, las decisiones pasadas y los planes futuros finalmente se alinean. Este es uno de esos momentos. Hace tres semanas, Finca Astron\u00f3mica se incorpor\u00f3 oficialmente a AgroSimbiosisLab, un proyecto regional importante coordinado por [&hellip;]<\/p>\n","protected":false},"author":3,"featured_media":0,"comment_status":"closed","ping_status":"closed","sticky":false,"template":"","format":"standard","meta":{"footnotes":""},"categories":[52],"tags":[],"class_list":["post-5973","post","type-post","status-publish","format-standard","hentry","category-sin-categorizar"],"yoast_head":"<!-- This site is optimized with the Yoast SEO plugin v25.3 - https:\/\/yoast.com\/wordpress\/plugins\/seo\/ -->\n<title>Finca Astron\u00f3mica une el AgroSimbiosisLab Project<\/title>\n<meta name=\"description\" content=\"Finca Astron\u00f3mica se incorpora a AgroSimbiosisLab, una iniciativa de la Universidad de Murcia que impulsa la transici\u00f3n agroecol\u00f3gica en el Mar Menor.\" \/>\n<meta name=\"robots\" content=\"index, follow, max-snippet:-1, max-image-preview:large, max-video-preview:-1\" \/>\n<link rel=\"canonical\" href=\"https:\/\/www.astronomy.tours\/es\/nos-unimos-oficialmente-a-agrosimbiosislab\/\" \/>\n<meta property=\"og:locale\" content=\"es_ES\" \/>\n<meta property=\"og:type\" content=\"article\" \/>\n<meta property=\"og:title\" content=\"Finca Astron\u00f3mica une el AgroSimbiosisLab Project\" \/>\n<meta property=\"og:description\" content=\"Finca Astron\u00f3mica se incorpora a AgroSimbiosisLab, una iniciativa de la Universidad de Murcia que impulsa la transici\u00f3n agroecol\u00f3gica en el Mar Menor.\" \/>\n<meta property=\"og:url\" content=\"https:\/\/www.astronomy.tours\/es\/nos-unimos-oficialmente-a-agrosimbiosislab\/\" \/>\n<meta property=\"og:site_name\" content=\"Astronomy Tours\" \/>\n<meta property=\"article:publisher\" content=\"https:\/\/www.facebook.com\/astronomy.tours\/\" \/>\n<meta property=\"article:published_time\" content=\"2025-12-13T15:22:07+00:00\" \/>\n<meta property=\"article:modified_time\" content=\"2025-12-13T15:51:01+00:00\" \/>\n<meta property=\"og:image\" content=\"https:\/\/www.astronomy.tours\/wp-content\/uploads\/2025\/12\/IMG_2828.jpg\" \/>\n\t<meta property=\"og:image:width\" content=\"960\" \/>\n\t<meta property=\"og:image:height\" content=\"960\" \/>\n\t<meta property=\"og:image:type\" content=\"image\/jpeg\" \/>\n<meta name=\"author\" content=\"Aleksandra Blaszczyk\" \/>\n<meta name=\"twitter:card\" content=\"summary_large_image\" \/>\n<meta name=\"twitter:label1\" content=\"Escrito por\" \/>\n\t<meta name=\"twitter:data1\" content=\"Aleksandra Blaszczyk\" \/>\n\t<meta name=\"twitter:label2\" content=\"Tiempo de lectura\" \/>\n\t<meta name=\"twitter:data2\" content=\"5 minutos\" \/>\n<script type=\"application\/ld+json\" class=\"yoast-schema-graph\">{\"@context\":\"https:\/\/schema.org\",\"@graph\":[{\"@type\":\"Article\",\"@id\":\"https:\/\/www.astronomy.tours\/es\/nos-unimos-oficialmente-a-agrosimbiosislab\/#article\",\"isPartOf\":{\"@id\":\"https:\/\/www.astronomy.tours\/es\/nos-unimos-oficialmente-a-agrosimbiosislab\/\"},\"author\":{\"name\":\"Aleksandra Blaszczyk\",\"@id\":\"https:\/\/www.astronomy.tours\/#\/schema\/person\/c5f60ac1e28cc134c5b9262b4183cc49\"},\"headline\":\"Nos unimos oficialmente a AgroSimbiosisLab\",\"datePublished\":\"2025-12-13T15:22:07+00:00\",\"dateModified\":\"2025-12-13T15:51:01+00:00\",\"mainEntityOfPage\":{\"@id\":\"https:\/\/www.astronomy.tours\/es\/nos-unimos-oficialmente-a-agrosimbiosislab\/\"},\"wordCount\":949,\"publisher\":{\"@id\":\"https:\/\/www.astronomy.tours\/#organization\"},\"image\":{\"@id\":\"https:\/\/www.astronomy.tours\/es\/nos-unimos-oficialmente-a-agrosimbiosislab\/#primaryimage\"},\"thumbnailUrl\":\"https:\/\/www.astronomy.tours\/wp-content\/uploads\/2025\/12\/IMG_2828.jpg\",\"articleSection\":[\"Sin categorizar\"],\"inLanguage\":\"es\"},{\"@type\":\"WebPage\",\"@id\":\"https:\/\/www.astronomy.tours\/es\/nos-unimos-oficialmente-a-agrosimbiosislab\/\",\"url\":\"https:\/\/www.astronomy.tours\/es\/nos-unimos-oficialmente-a-agrosimbiosislab\/\",\"name\":\"Finca Astron\u00f3mica une el AgroSimbiosisLab Project\",\"isPartOf\":{\"@id\":\"https:\/\/www.astronomy.tours\/#website\"},\"primaryImageOfPage\":{\"@id\":\"https:\/\/www.astronomy.tours\/es\/nos-unimos-oficialmente-a-agrosimbiosislab\/#primaryimage\"},\"image\":{\"@id\":\"https:\/\/www.astronomy.tours\/es\/nos-unimos-oficialmente-a-agrosimbiosislab\/#primaryimage\"},\"thumbnailUrl\":\"https:\/\/www.astronomy.tours\/wp-content\/uploads\/2025\/12\/IMG_2828.jpg\",\"datePublished\":\"2025-12-13T15:22:07+00:00\",\"dateModified\":\"2025-12-13T15:51:01+00:00\",\"description\":\"Finca Astron\u00f3mica se incorpora a AgroSimbiosisLab, una iniciativa de la Universidad de Murcia que impulsa la transici\u00f3n agroecol\u00f3gica en el Mar Menor.\",\"breadcrumb\":{\"@id\":\"https:\/\/www.astronomy.tours\/es\/nos-unimos-oficialmente-a-agrosimbiosislab\/#breadcrumb\"},\"inLanguage\":\"es\",\"potentialAction\":[{\"@type\":\"ReadAction\",\"target\":[\"https:\/\/www.astronomy.tours\/es\/nos-unimos-oficialmente-a-agrosimbiosislab\/\"]}]},{\"@type\":\"ImageObject\",\"inLanguage\":\"es\",\"@id\":\"https:\/\/www.astronomy.tours\/es\/nos-unimos-oficialmente-a-agrosimbiosislab\/#primaryimage\",\"url\":\"https:\/\/www.astronomy.tours\/wp-content\/uploads\/2025\/12\/IMG_2828.jpg\",\"contentUrl\":\"https:\/\/www.astronomy.tours\/wp-content\/uploads\/2025\/12\/IMG_2828.jpg\"},{\"@type\":\"BreadcrumbList\",\"@id\":\"https:\/\/www.astronomy.tours\/es\/nos-unimos-oficialmente-a-agrosimbiosislab\/#breadcrumb\",\"itemListElement\":[{\"@type\":\"ListItem\",\"position\":1,\"name\":\"Home\",\"item\":\"https:\/\/www.astronomy.tours\/es\/\"},{\"@type\":\"ListItem\",\"position\":2,\"name\":\"Nos unimos oficialmente a AgroSimbiosisLab\"}]},{\"@type\":\"WebSite\",\"@id\":\"https:\/\/www.astronomy.tours\/#website\",\"url\":\"https:\/\/www.astronomy.tours\/\",\"name\":\"Astronomy Tours\",\"description\":\"Astronomical tours\",\"publisher\":{\"@id\":\"https:\/\/www.astronomy.tours\/#organization\"},\"potentialAction\":[{\"@type\":\"SearchAction\",\"target\":{\"@type\":\"EntryPoint\",\"urlTemplate\":\"https:\/\/www.astronomy.tours\/?s={search_term_string}\"},\"query-input\":{\"@type\":\"PropertyValueSpecification\",\"valueRequired\":true,\"valueName\":\"search_term_string\"}}],\"inLanguage\":\"es\"},{\"@type\":\"Organization\",\"@id\":\"https:\/\/www.astronomy.tours\/#organization\",\"name\":\"Astronomy Tours S.COOP\",\"url\":\"https:\/\/www.astronomy.tours\/\",\"logo\":{\"@type\":\"ImageObject\",\"inLanguage\":\"es\",\"@id\":\"https:\/\/www.astronomy.tours\/#\/schema\/logo\/image\/\",\"url\":\"https:\/\/www.astronomy.tours\/wp-content\/uploads\/2026\/02\/logo-astronomy-tours-black-small.png\",\"contentUrl\":\"https:\/\/www.astronomy.tours\/wp-content\/uploads\/2026\/02\/logo-astronomy-tours-black-small.png\",\"width\":2000,\"height\":740,\"caption\":\"Astronomy Tours S.COOP\"},\"image\":{\"@id\":\"https:\/\/www.astronomy.tours\/#\/schema\/logo\/image\/\"},\"sameAs\":[\"https:\/\/www.facebook.com\/astronomy.tours\/\",\"https:\/\/www.instagram.com\/astronomytours\/?hl=en\"]},{\"@type\":\"Person\",\"@id\":\"https:\/\/www.astronomy.tours\/#\/schema\/person\/c5f60ac1e28cc134c5b9262b4183cc49\",\"name\":\"Aleksandra Blaszczyk\",\"image\":{\"@type\":\"ImageObject\",\"inLanguage\":\"es\",\"@id\":\"https:\/\/www.astronomy.tours\/#\/schema\/person\/image\/\",\"url\":\"https:\/\/secure.gravatar.com\/avatar\/8725dfe76196d1d11fd9569043f423b5d6d79a1345aae1b9e2f491317c74b129?s=96&d=mm&r=g\",\"contentUrl\":\"https:\/\/secure.gravatar.com\/avatar\/8725dfe76196d1d11fd9569043f423b5d6d79a1345aae1b9e2f491317c74b129?s=96&d=mm&r=g\",\"caption\":\"Aleksandra Blaszczyk\"},\"url\":\"https:\/\/www.astronomy.tours\/es\/author\/aleksandra-blaszczykasctenerife-com\/\"}]}<\/script>\n<!-- \/ Yoast SEO plugin. -->","yoast_head_json":{"title":"Finca Astron\u00f3mica une el AgroSimbiosisLab Project","description":"Finca Astron\u00f3mica se incorpora a AgroSimbiosisLab, una iniciativa de la Universidad de Murcia que impulsa la transici\u00f3n agroecol\u00f3gica en el Mar Menor.","robots":{"index":"index","follow":"follow","max-snippet":"max-snippet:-1","max-image-preview":"max-image-preview:large","max-video-preview":"max-video-preview:-1"},"canonical":"https:\/\/www.astronomy.tours\/es\/nos-unimos-oficialmente-a-agrosimbiosislab\/","og_locale":"es_ES","og_type":"article","og_title":"Finca Astron\u00f3mica une el AgroSimbiosisLab Project","og_description":"Finca Astron\u00f3mica se incorpora a AgroSimbiosisLab, una iniciativa de la Universidad de Murcia que impulsa la transici\u00f3n agroecol\u00f3gica en el Mar Menor.","og_url":"https:\/\/www.astronomy.tours\/es\/nos-unimos-oficialmente-a-agrosimbiosislab\/","og_site_name":"Astronomy Tours","article_publisher":"https:\/\/www.facebook.com\/astronomy.tours\/","article_published_time":"2025-12-13T15:22:07+00:00","article_modified_time":"2025-12-13T15:51:01+00:00","og_image":[{"width":960,"height":960,"url":"https:\/\/www.astronomy.tours\/wp-content\/uploads\/2025\/12\/IMG_2828.jpg","type":"image\/jpeg"}],"author":"Aleksandra Blaszczyk","twitter_card":"summary_large_image","twitter_misc":{"Escrito por":"Aleksandra Blaszczyk","Tiempo de lectura":"5 minutos"},"schema":{"@context":"https:\/\/schema.org","@graph":[{"@type":"Article","@id":"https:\/\/www.astronomy.tours\/es\/nos-unimos-oficialmente-a-agrosimbiosislab\/#article","isPartOf":{"@id":"https:\/\/www.astronomy.tours\/es\/nos-unimos-oficialmente-a-agrosimbiosislab\/"},"author":{"name":"Aleksandra Blaszczyk","@id":"https:\/\/www.astronomy.tours\/#\/schema\/person\/c5f60ac1e28cc134c5b9262b4183cc49"},"headline":"Nos unimos oficialmente a AgroSimbiosisLab","datePublished":"2025-12-13T15:22:07+00:00","dateModified":"2025-12-13T15:51:01+00:00","mainEntityOfPage":{"@id":"https:\/\/www.astronomy.tours\/es\/nos-unimos-oficialmente-a-agrosimbiosislab\/"},"wordCount":949,"publisher":{"@id":"https:\/\/www.astronomy.tours\/#organization"},"image":{"@id":"https:\/\/www.astronomy.tours\/es\/nos-unimos-oficialmente-a-agrosimbiosislab\/#primaryimage"},"thumbnailUrl":"https:\/\/www.astronomy.tours\/wp-content\/uploads\/2025\/12\/IMG_2828.jpg","articleSection":["Sin categorizar"],"inLanguage":"es"},{"@type":"WebPage","@id":"https:\/\/www.astronomy.tours\/es\/nos-unimos-oficialmente-a-agrosimbiosislab\/","url":"https:\/\/www.astronomy.tours\/es\/nos-unimos-oficialmente-a-agrosimbiosislab\/","name":"Finca Astron\u00f3mica une el AgroSimbiosisLab Project","isPartOf":{"@id":"https:\/\/www.astronomy.tours\/#website"},"primaryImageOfPage":{"@id":"https:\/\/www.astronomy.tours\/es\/nos-unimos-oficialmente-a-agrosimbiosislab\/#primaryimage"},"image":{"@id":"https:\/\/www.astronomy.tours\/es\/nos-unimos-oficialmente-a-agrosimbiosislab\/#primaryimage"},"thumbnailUrl":"https:\/\/www.astronomy.tours\/wp-content\/uploads\/2025\/12\/IMG_2828.jpg","datePublished":"2025-12-13T15:22:07+00:00","dateModified":"2025-12-13T15:51:01+00:00","description":"Finca Astron\u00f3mica se incorpora a AgroSimbiosisLab, una iniciativa de la Universidad de Murcia que impulsa la transici\u00f3n agroecol\u00f3gica en el Mar Menor.","breadcrumb":{"@id":"https:\/\/www.astronomy.tours\/es\/nos-unimos-oficialmente-a-agrosimbiosislab\/#breadcrumb"},"inLanguage":"es","potentialAction":[{"@type":"ReadAction","target":["https:\/\/www.astronomy.tours\/es\/nos-unimos-oficialmente-a-agrosimbiosislab\/"]}]},{"@type":"ImageObject","inLanguage":"es","@id":"https:\/\/www.astronomy.tours\/es\/nos-unimos-oficialmente-a-agrosimbiosislab\/#primaryimage","url":"https:\/\/www.astronomy.tours\/wp-content\/uploads\/2025\/12\/IMG_2828.jpg","contentUrl":"https:\/\/www.astronomy.tours\/wp-content\/uploads\/2025\/12\/IMG_2828.jpg"},{"@type":"BreadcrumbList","@id":"https:\/\/www.astronomy.tours\/es\/nos-unimos-oficialmente-a-agrosimbiosislab\/#breadcrumb","itemListElement":[{"@type":"ListItem","position":1,"name":"Home","item":"https:\/\/www.astronomy.tours\/es\/"},{"@type":"ListItem","position":2,"name":"Nos unimos oficialmente a AgroSimbiosisLab"}]},{"@type":"WebSite","@id":"https:\/\/www.astronomy.tours\/#website","url":"https:\/\/www.astronomy.tours\/","name":"Astronomy Tours","description":"Astronomical tours","publisher":{"@id":"https:\/\/www.astronomy.tours\/#organization"},"potentialAction":[{"@type":"SearchAction","target":{"@type":"EntryPoint","urlTemplate":"https:\/\/www.astronomy.tours\/?s={search_term_string}"},"query-input":{"@type":"PropertyValueSpecification","valueRequired":true,"valueName":"search_term_string"}}],"inLanguage":"es"},{"@type":"Organization","@id":"https:\/\/www.astronomy.tours\/#organization","name":"Astronomy Tours S.COOP","url":"https:\/\/www.astronomy.tours\/","logo":{"@type":"ImageObject","inLanguage":"es","@id":"https:\/\/www.astronomy.tours\/#\/schema\/logo\/image\/","url":"https:\/\/www.astronomy.tours\/wp-content\/uploads\/2026\/02\/logo-astronomy-tours-black-small.png","contentUrl":"https:\/\/www.astronomy.tours\/wp-content\/uploads\/2026\/02\/logo-astronomy-tours-black-small.png","width":2000,"height":740,"caption":"Astronomy Tours S.COOP"},"image":{"@id":"https:\/\/www.astronomy.tours\/#\/schema\/logo\/image\/"},"sameAs":["https:\/\/www.facebook.com\/astronomy.tours\/","https:\/\/www.instagram.com\/astronomytours\/?hl=en"]},{"@type":"Person","@id":"https:\/\/www.astronomy.tours\/#\/schema\/person\/c5f60ac1e28cc134c5b9262b4183cc49","name":"Aleksandra Blaszczyk","image":{"@type":"ImageObject","inLanguage":"es","@id":"https:\/\/www.astronomy.tours\/#\/schema\/person\/image\/","url":"https:\/\/secure.gravatar.com\/avatar\/8725dfe76196d1d11fd9569043f423b5d6d79a1345aae1b9e2f491317c74b129?s=96&d=mm&r=g","contentUrl":"https:\/\/secure.gravatar.com\/avatar\/8725dfe76196d1d11fd9569043f423b5d6d79a1345aae1b9e2f491317c74b129?s=96&d=mm&r=g","caption":"Aleksandra Blaszczyk"},"url":"https:\/\/www.astronomy.tours\/es\/author\/aleksandra-blaszczykasctenerife-com\/"}]}},"_links":{"self":[{"href":"https:\/\/www.astronomy.tours\/es\/wp-json\/wp\/v2\/posts\/5973","targetHints":{"allow":["GET"]}}],"collection":[{"href":"https:\/\/www.astronomy.tours\/es\/wp-json\/wp\/v2\/posts"}],"about":[{"href":"https:\/\/www.astronomy.tours\/es\/wp-json\/wp\/v2\/types\/post"}],"author":[{"embeddable":true,"href":"https:\/\/www.astronomy.tours\/es\/wp-json\/wp\/v2\/users\/3"}],"replies":[{"embeddable":true,"href":"https:\/\/www.astronomy.tours\/es\/wp-json\/wp\/v2\/comments?post=5973"}],"version-history":[{"count":3,"href":"https:\/\/www.astronomy.tours\/es\/wp-json\/wp\/v2\/posts\/5973\/revisions"}],"predecessor-version":[{"id":5976,"href":"https:\/\/www.astronomy.tours\/es\/wp-json\/wp\/v2\/posts\/5973\/revisions\/5976"}],"wp:attachment":[{"href":"https:\/\/www.astronomy.tours\/es\/wp-json\/wp\/v2\/media?parent=5973"}],"wp:term":[{"taxonomy":"category","embeddable":true,"href":"https:\/\/www.astronomy.tours\/es\/wp-json\/wp\/v2\/categories?post=5973"},{"taxonomy":"post_tag","embeddable":true,"href":"https:\/\/www.astronomy.tours\/es\/wp-json\/wp\/v2\/tags?post=5973"}],"curies":[{"name":"wp","href":"https:\/\/api.w.org\/{rel}","templated":true}]}}