{"id":5080,"date":"2025-03-19T11:55:18","date_gmt":"2025-03-19T10:55:18","guid":{"rendered":"https:\/\/www.astronomy.tours\/sabias-que-dos-astronautas-llevan-meses-atrapados-en-el-espacio-sin-una-fecha-de-regreso-a-la-vista%f0%9f%9a%80%f0%9f%8c%8c\/"},"modified":"2025-07-03T14:37:29","modified_gmt":"2025-07-03T12:37:29","slug":"sabias-que-dos-astronautas-llevan-meses-atrapados-en-el-espacio-sin-una-fecha-de-regreso-a-la-vista%f0%9f%9a%80%f0%9f%8c%8c","status":"publish","type":"post","link":"https:\/\/www.astronomy.tours\/es\/sabias-que-dos-astronautas-llevan-meses-atrapados-en-el-espacio-sin-una-fecha-de-regreso-a-la-vista%f0%9f%9a%80%f0%9f%8c%8c\/","title":{"rendered":"\u00bfSab\u00edas que dos astronautas llevan meses atrapados en el espacio sin una fecha de regreso a la vista?"},"content":{"rendered":"\n<p><a><\/a>En un giro extraordinario de los acontecimientos, los astronautas de la NASA Sunita Williams y Barry \u201cButch\u201d Wilmore se encuentran en una situaci\u00f3n peligrosa a bordo de la Estaci\u00f3n Espacial Internacional (EEI). Atrapados all\u00ed desde junio de 2024, estos valientes exploradores espaciales viven una realidad que pocos pueden imaginar: completamente aislados de la Tierra. Su historia ilumina tanto el asombroso coraje de quienes se aventuran al cosmos como los peligros inherentes a la vida en el espacio.  <\/p>\n\n<p>Desde su llegada a la EEI, Williams y Wilmore se han enfrentado a un desaf\u00edo inesperado: problemas con la nave Boeing Starliner, que deb\u00eda traerlos de regreso a casa. Este fallo t\u00e9cnico ha dado lugar a una estancia prolongada, mucho m\u00e1s all\u00e1 de lo previsto, retrasando su regreso hasta principios de febrero de 2025. Aunque SpaceX ha mantenido su presencia al acoplar una nave Crew Dragon el 29 de septiembre de 2024, esta nave no ha sido designada para su rescate, dejando a Williams y Wilmore en un limbo inquietante.  <\/p>\n\n<p>Imagina la tensi\u00f3n psicol\u00f3gica que estos astronautas deben soportar mientras esperan noticias sobre su regreso. Aunque los informes indican que ambos han logrado mantener su salud bajo control, han expresado inquietud sobre su dieta, un aspecto que puede parecer trivial, pero que impacta notablemente el bienestar de quienes viven en microgravedad. La EEI, normalmente un hervidero de actividad, se ha convertido tanto en su lugar de trabajo como en su \u00fanico hogar durante mucho m\u00e1s tiempo del esperado, poniendo a prueba su resiliencia y capacidad de adaptaci\u00f3n.  <\/p>\n\n<p>Es fundamental comprender que estos retrasos no son resultado de maniobras pol\u00edticas, sino de complicaciones t\u00e9cnicas imprevistas que surgieron durante la planificaci\u00f3n de la misi\u00f3n. \u00a1As\u00ed es la exploraci\u00f3n espacial! Cada misi\u00f3n conlleva un grado de imprevisibilidad, y estos astronautas encarnan la valent\u00eda extraordinaria que se requiere para enfrentar esas incertidumbres. En el vac\u00edo del espacio, donde las comunicaciones pueden demorarse varios minutos y la vastedad infinita se hace presente, su compromiso con la ciencia y la exploraci\u00f3n sigue siendo inquebrantable.   <\/p>\n\n<p>Mientras la Tierra contin\u00faa su rotaci\u00f3n, el destino de Williams y Wilmore permanece suspendido, como un giro argumental en una novela de ciencia ficci\u00f3n. Su traves\u00eda es un recordatorio contundente de los riesgos que asumen quienes desaf\u00edan el vac\u00edo que se extiende sobre nosotros. Cada momento que pasan a bordo de la EEI pone de manifiesto la valent\u00eda necesaria para enfrentar la adversidad en la b\u00fasqueda del conocimiento y el descubrimiento.  <\/p>\n\n<p>As\u00ed que, la pr\u00f3xima vez que mires las estrellas, recuerda que dos de los mejores representantes de nuestro planeta est\u00e1n all\u00ed arriba, enfrentando los retos de la vida en la EEI: atrapados, pero valientes pioneros del cosmos, que llevan los l\u00edmites de la experiencia humana a territorios que apenas podemos imaginar.<br\/>\u00danete a nosotros en Astronomy Tours para desearles un regreso seguro y maravillarte con la incre\u00edble aventura de la exploraci\u00f3n espacial. <\/p>\n","protected":false},"excerpt":{"rendered":"<p>En un giro extraordinario de los acontecimientos, los astronautas de la NASA Sunita Williams y Barry \u201cButch\u201d Wilmore se encuentran en una situaci\u00f3n peligrosa a bordo de la Estaci\u00f3n Espacial Internacional (EEI). Atrapados all\u00ed desde junio de 2024, estos valientes exploradores espaciales viven una realidad que pocos pueden imaginar: completamente aislados de la Tierra. Su [&hellip;]<\/p>\n","protected":false},"author":3,"featured_media":4511,"comment_status":"closed","ping_status":"closed","sticky":false,"template":"","format":"standard","meta":{"footnotes":""},"categories":[52],"tags":[],"class_list":["post-5080","post","type-post","status-publish","format-standard","has-post-thumbnail","hentry","category-sin-categorizar"],"yoast_head":"<!-- This site is optimized with the Yoast SEO plugin v25.3 - https:\/\/yoast.com\/wordpress\/plugins\/seo\/ -->\n<title>\u00bfSab\u00edas que dos astronautas llevan meses atrapados en el espacio sin una fecha de regreso a la vista? - Astronomy Tours<\/title>\n<meta name=\"robots\" content=\"index, follow, max-snippet:-1, max-image-preview:large, max-video-preview:-1\" \/>\n<link rel=\"canonical\" href=\"https:\/\/www.astronomy.tours\/es\/sabias-que-dos-astronautas-llevan-meses-atrapados-en-el-espacio-sin-una-fecha-de-regreso-a-la-vista\ud83d\ude80\ud83c\udf0c\/\" \/>\n<meta property=\"og:locale\" content=\"es_ES\" \/>\n<meta property=\"og:type\" content=\"article\" \/>\n<meta property=\"og:title\" content=\"\u00bfSab\u00edas que dos astronautas llevan meses atrapados en el espacio sin una fecha de regreso a la vista? - Astronomy Tours\" \/>\n<meta property=\"og:description\" content=\"En un giro extraordinario de los acontecimientos, los astronautas de la NASA Sunita Williams y Barry \u201cButch\u201d Wilmore se encuentran en una situaci\u00f3n peligrosa a bordo de la Estaci\u00f3n Espacial Internacional (EEI). Atrapados all\u00ed desde junio de 2024, estos valientes exploradores espaciales viven una realidad que pocos pueden imaginar: completamente aislados de la Tierra. Su [&hellip;]\" \/>\n<meta property=\"og:url\" content=\"https:\/\/www.astronomy.tours\/es\/sabias-que-dos-astronautas-llevan-meses-atrapados-en-el-espacio-sin-una-fecha-de-regreso-a-la-vista\ud83d\ude80\ud83c\udf0c\/\" \/>\n<meta property=\"og:site_name\" content=\"Astronomy Tours\" \/>\n<meta property=\"article:publisher\" content=\"https:\/\/www.facebook.com\/astronomy.tours\/\" \/>\n<meta property=\"article:published_time\" content=\"2025-03-19T10:55:18+00:00\" \/>\n<meta property=\"article:modified_time\" content=\"2025-07-03T12:37:29+00:00\" \/>\n<meta property=\"og:image\" content=\"https:\/\/www.astronomy.tours\/wp-content\/uploads\/2025\/03\/stranded-astronauts.jpg\" \/>\n\t<meta property=\"og:image:width\" content=\"1200\" \/>\n\t<meta property=\"og:image:height\" content=\"900\" \/>\n\t<meta property=\"og:image:type\" content=\"image\/jpeg\" \/>\n<meta name=\"author\" content=\"Aleksandra Blaszczyk\" \/>\n<meta name=\"twitter:card\" content=\"summary_large_image\" \/>\n<meta name=\"twitter:label1\" content=\"Escrito por\" \/>\n\t<meta name=\"twitter:data1\" content=\"Aleksandra Blaszczyk\" \/>\n\t<meta name=\"twitter:label2\" content=\"Tiempo de lectura\" \/>\n\t<meta name=\"twitter:data2\" content=\"3 minutos\" \/>\n<script type=\"application\/ld+json\" class=\"yoast-schema-graph\">{\"@context\":\"https:\/\/schema.org\",\"@graph\":[{\"@type\":\"Article\",\"@id\":\"https:\/\/www.astronomy.tours\/es\/sabias-que-dos-astronautas-llevan-meses-atrapados-en-el-espacio-sin-una-fecha-de-regreso-a-la-vista%f0%9f%9a%80%f0%9f%8c%8c\/#article\",\"isPartOf\":{\"@id\":\"https:\/\/www.astronomy.tours\/es\/sabias-que-dos-astronautas-llevan-meses-atrapados-en-el-espacio-sin-una-fecha-de-regreso-a-la-vista%f0%9f%9a%80%f0%9f%8c%8c\/\"},\"author\":{\"name\":\"Aleksandra Blaszczyk\",\"@id\":\"https:\/\/www.astronomy.tours\/#\/schema\/person\/c5f60ac1e28cc134c5b9262b4183cc49\"},\"headline\":\"\u00bfSab\u00edas que dos astronautas llevan meses atrapados en el espacio sin una fecha de regreso a la vista?\",\"datePublished\":\"2025-03-19T10:55:18+00:00\",\"dateModified\":\"2025-07-03T12:37:29+00:00\",\"mainEntityOfPage\":{\"@id\":\"https:\/\/www.astronomy.tours\/es\/sabias-que-dos-astronautas-llevan-meses-atrapados-en-el-espacio-sin-una-fecha-de-regreso-a-la-vista%f0%9f%9a%80%f0%9f%8c%8c\/\"},\"wordCount\":525,\"publisher\":{\"@id\":\"https:\/\/www.astronomy.tours\/#organization\"},\"image\":{\"@id\":\"https:\/\/www.astronomy.tours\/es\/sabias-que-dos-astronautas-llevan-meses-atrapados-en-el-espacio-sin-una-fecha-de-regreso-a-la-vista%f0%9f%9a%80%f0%9f%8c%8c\/#primaryimage\"},\"thumbnailUrl\":\"https:\/\/www.astronomy.tours\/wp-content\/uploads\/2025\/03\/stranded-astronauts.jpg\",\"articleSection\":[\"Sin categorizar\"],\"inLanguage\":\"es\"},{\"@type\":\"WebPage\",\"@id\":\"https:\/\/www.astronomy.tours\/es\/sabias-que-dos-astronautas-llevan-meses-atrapados-en-el-espacio-sin-una-fecha-de-regreso-a-la-vista%f0%9f%9a%80%f0%9f%8c%8c\/\",\"url\":\"https:\/\/www.astronomy.tours\/es\/sabias-que-dos-astronautas-llevan-meses-atrapados-en-el-espacio-sin-una-fecha-de-regreso-a-la-vista%f0%9f%9a%80%f0%9f%8c%8c\/\",\"name\":\"\u00bfSab\u00edas que dos astronautas llevan meses atrapados en el espacio sin una fecha de regreso a la vista? - Astronomy Tours\",\"isPartOf\":{\"@id\":\"https:\/\/www.astronomy.tours\/#website\"},\"primaryImageOfPage\":{\"@id\":\"https:\/\/www.astronomy.tours\/es\/sabias-que-dos-astronautas-llevan-meses-atrapados-en-el-espacio-sin-una-fecha-de-regreso-a-la-vista%f0%9f%9a%80%f0%9f%8c%8c\/#primaryimage\"},\"image\":{\"@id\":\"https:\/\/www.astronomy.tours\/es\/sabias-que-dos-astronautas-llevan-meses-atrapados-en-el-espacio-sin-una-fecha-de-regreso-a-la-vista%f0%9f%9a%80%f0%9f%8c%8c\/#primaryimage\"},\"thumbnailUrl\":\"https:\/\/www.astronomy.tours\/wp-content\/uploads\/2025\/03\/stranded-astronauts.jpg\",\"datePublished\":\"2025-03-19T10:55:18+00:00\",\"dateModified\":\"2025-07-03T12:37:29+00:00\",\"breadcrumb\":{\"@id\":\"https:\/\/www.astronomy.tours\/es\/sabias-que-dos-astronautas-llevan-meses-atrapados-en-el-espacio-sin-una-fecha-de-regreso-a-la-vista%f0%9f%9a%80%f0%9f%8c%8c\/#breadcrumb\"},\"inLanguage\":\"es\",\"potentialAction\":[{\"@type\":\"ReadAction\",\"target\":[\"https:\/\/www.astronomy.tours\/es\/sabias-que-dos-astronautas-llevan-meses-atrapados-en-el-espacio-sin-una-fecha-de-regreso-a-la-vista%f0%9f%9a%80%f0%9f%8c%8c\/\"]}]},{\"@type\":\"ImageObject\",\"inLanguage\":\"es\",\"@id\":\"https:\/\/www.astronomy.tours\/es\/sabias-que-dos-astronautas-llevan-meses-atrapados-en-el-espacio-sin-una-fecha-de-regreso-a-la-vista%f0%9f%9a%80%f0%9f%8c%8c\/#primaryimage\",\"url\":\"https:\/\/www.astronomy.tours\/wp-content\/uploads\/2025\/03\/stranded-astronauts.jpg\",\"contentUrl\":\"https:\/\/www.astronomy.tours\/wp-content\/uploads\/2025\/03\/stranded-astronauts.jpg\",\"width\":1200,\"height\":900},{\"@type\":\"BreadcrumbList\",\"@id\":\"https:\/\/www.astronomy.tours\/es\/sabias-que-dos-astronautas-llevan-meses-atrapados-en-el-espacio-sin-una-fecha-de-regreso-a-la-vista%f0%9f%9a%80%f0%9f%8c%8c\/#breadcrumb\",\"itemListElement\":[{\"@type\":\"ListItem\",\"position\":1,\"name\":\"Home\",\"item\":\"https:\/\/www.astronomy.tours\/es\/\"},{\"@type\":\"ListItem\",\"position\":2,\"name\":\"\u00bfSab\u00edas que dos astronautas llevan meses atrapados en el espacio sin una fecha de regreso a la vista?\"}]},{\"@type\":\"WebSite\",\"@id\":\"https:\/\/www.astronomy.tours\/#website\",\"url\":\"https:\/\/www.astronomy.tours\/\",\"name\":\"Astronomy Tours\",\"description\":\"Astronomical tours\",\"publisher\":{\"@id\":\"https:\/\/www.astronomy.tours\/#organization\"},\"potentialAction\":[{\"@type\":\"SearchAction\",\"target\":{\"@type\":\"EntryPoint\",\"urlTemplate\":\"https:\/\/www.astronomy.tours\/?s={search_term_string}\"},\"query-input\":{\"@type\":\"PropertyValueSpecification\",\"valueRequired\":true,\"valueName\":\"search_term_string\"}}],\"inLanguage\":\"es\"},{\"@type\":\"Organization\",\"@id\":\"https:\/\/www.astronomy.tours\/#organization\",\"name\":\"Astronomy Tours S.COOP\",\"url\":\"https:\/\/www.astronomy.tours\/\",\"logo\":{\"@type\":\"ImageObject\",\"inLanguage\":\"es\",\"@id\":\"https:\/\/www.astronomy.tours\/#\/schema\/logo\/image\/\",\"url\":\"https:\/\/www.astronomy.tours\/wp-content\/uploads\/2026\/02\/logo-astronomy-tours-black-small.png\",\"contentUrl\":\"https:\/\/www.astronomy.tours\/wp-content\/uploads\/2026\/02\/logo-astronomy-tours-black-small.png\",\"width\":2000,\"height\":740,\"caption\":\"Astronomy Tours S.COOP\"},\"image\":{\"@id\":\"https:\/\/www.astronomy.tours\/#\/schema\/logo\/image\/\"},\"sameAs\":[\"https:\/\/www.facebook.com\/astronomy.tours\/\",\"https:\/\/www.instagram.com\/astronomytours\/?hl=en\"]},{\"@type\":\"Person\",\"@id\":\"https:\/\/www.astronomy.tours\/#\/schema\/person\/c5f60ac1e28cc134c5b9262b4183cc49\",\"name\":\"Aleksandra Blaszczyk\",\"image\":{\"@type\":\"ImageObject\",\"inLanguage\":\"es\",\"@id\":\"https:\/\/www.astronomy.tours\/#\/schema\/person\/image\/\",\"url\":\"https:\/\/secure.gravatar.com\/avatar\/8725dfe76196d1d11fd9569043f423b5d6d79a1345aae1b9e2f491317c74b129?s=96&d=mm&r=g\",\"contentUrl\":\"https:\/\/secure.gravatar.com\/avatar\/8725dfe76196d1d11fd9569043f423b5d6d79a1345aae1b9e2f491317c74b129?s=96&d=mm&r=g\",\"caption\":\"Aleksandra Blaszczyk\"},\"url\":\"https:\/\/www.astronomy.tours\/es\/author\/aleksandra-blaszczykasctenerife-com\/\"}]}<\/script>\n<!-- \/ Yoast SEO plugin. -->","yoast_head_json":{"title":"\u00bfSab\u00edas que dos astronautas llevan meses atrapados en el espacio sin una fecha de regreso a la vista? - Astronomy Tours","robots":{"index":"index","follow":"follow","max-snippet":"max-snippet:-1","max-image-preview":"max-image-preview:large","max-video-preview":"max-video-preview:-1"},"canonical":"https:\/\/www.astronomy.tours\/es\/sabias-que-dos-astronautas-llevan-meses-atrapados-en-el-espacio-sin-una-fecha-de-regreso-a-la-vista\ud83d\ude80\ud83c\udf0c\/","og_locale":"es_ES","og_type":"article","og_title":"\u00bfSab\u00edas que dos astronautas llevan meses atrapados en el espacio sin una fecha de regreso a la vista? - Astronomy Tours","og_description":"En un giro extraordinario de los acontecimientos, los astronautas de la NASA Sunita Williams y Barry \u201cButch\u201d Wilmore se encuentran en una situaci\u00f3n peligrosa a bordo de la Estaci\u00f3n Espacial Internacional (EEI). Atrapados all\u00ed desde junio de 2024, estos valientes exploradores espaciales viven una realidad que pocos pueden imaginar: completamente aislados de la Tierra. Su [&hellip;]","og_url":"https:\/\/www.astronomy.tours\/es\/sabias-que-dos-astronautas-llevan-meses-atrapados-en-el-espacio-sin-una-fecha-de-regreso-a-la-vista\ud83d\ude80\ud83c\udf0c\/","og_site_name":"Astronomy Tours","article_publisher":"https:\/\/www.facebook.com\/astronomy.tours\/","article_published_time":"2025-03-19T10:55:18+00:00","article_modified_time":"2025-07-03T12:37:29+00:00","og_image":[{"width":1200,"height":900,"url":"https:\/\/www.astronomy.tours\/wp-content\/uploads\/2025\/03\/stranded-astronauts.jpg","type":"image\/jpeg"}],"author":"Aleksandra Blaszczyk","twitter_card":"summary_large_image","twitter_misc":{"Escrito por":"Aleksandra Blaszczyk","Tiempo de lectura":"3 minutos"},"schema":{"@context":"https:\/\/schema.org","@graph":[{"@type":"Article","@id":"https:\/\/www.astronomy.tours\/es\/sabias-que-dos-astronautas-llevan-meses-atrapados-en-el-espacio-sin-una-fecha-de-regreso-a-la-vista%f0%9f%9a%80%f0%9f%8c%8c\/#article","isPartOf":{"@id":"https:\/\/www.astronomy.tours\/es\/sabias-que-dos-astronautas-llevan-meses-atrapados-en-el-espacio-sin-una-fecha-de-regreso-a-la-vista%f0%9f%9a%80%f0%9f%8c%8c\/"},"author":{"name":"Aleksandra Blaszczyk","@id":"https:\/\/www.astronomy.tours\/#\/schema\/person\/c5f60ac1e28cc134c5b9262b4183cc49"},"headline":"\u00bfSab\u00edas que dos astronautas llevan meses atrapados en el espacio sin una fecha de regreso a la vista?","datePublished":"2025-03-19T10:55:18+00:00","dateModified":"2025-07-03T12:37:29+00:00","mainEntityOfPage":{"@id":"https:\/\/www.astronomy.tours\/es\/sabias-que-dos-astronautas-llevan-meses-atrapados-en-el-espacio-sin-una-fecha-de-regreso-a-la-vista%f0%9f%9a%80%f0%9f%8c%8c\/"},"wordCount":525,"publisher":{"@id":"https:\/\/www.astronomy.tours\/#organization"},"image":{"@id":"https:\/\/www.astronomy.tours\/es\/sabias-que-dos-astronautas-llevan-meses-atrapados-en-el-espacio-sin-una-fecha-de-regreso-a-la-vista%f0%9f%9a%80%f0%9f%8c%8c\/#primaryimage"},"thumbnailUrl":"https:\/\/www.astronomy.tours\/wp-content\/uploads\/2025\/03\/stranded-astronauts.jpg","articleSection":["Sin categorizar"],"inLanguage":"es"},{"@type":"WebPage","@id":"https:\/\/www.astronomy.tours\/es\/sabias-que-dos-astronautas-llevan-meses-atrapados-en-el-espacio-sin-una-fecha-de-regreso-a-la-vista%f0%9f%9a%80%f0%9f%8c%8c\/","url":"https:\/\/www.astronomy.tours\/es\/sabias-que-dos-astronautas-llevan-meses-atrapados-en-el-espacio-sin-una-fecha-de-regreso-a-la-vista%f0%9f%9a%80%f0%9f%8c%8c\/","name":"\u00bfSab\u00edas que dos astronautas llevan meses atrapados en el espacio sin una fecha de regreso a la vista? - Astronomy Tours","isPartOf":{"@id":"https:\/\/www.astronomy.tours\/#website"},"primaryImageOfPage":{"@id":"https:\/\/www.astronomy.tours\/es\/sabias-que-dos-astronautas-llevan-meses-atrapados-en-el-espacio-sin-una-fecha-de-regreso-a-la-vista%f0%9f%9a%80%f0%9f%8c%8c\/#primaryimage"},"image":{"@id":"https:\/\/www.astronomy.tours\/es\/sabias-que-dos-astronautas-llevan-meses-atrapados-en-el-espacio-sin-una-fecha-de-regreso-a-la-vista%f0%9f%9a%80%f0%9f%8c%8c\/#primaryimage"},"thumbnailUrl":"https:\/\/www.astronomy.tours\/wp-content\/uploads\/2025\/03\/stranded-astronauts.jpg","datePublished":"2025-03-19T10:55:18+00:00","dateModified":"2025-07-03T12:37:29+00:00","breadcrumb":{"@id":"https:\/\/www.astronomy.tours\/es\/sabias-que-dos-astronautas-llevan-meses-atrapados-en-el-espacio-sin-una-fecha-de-regreso-a-la-vista%f0%9f%9a%80%f0%9f%8c%8c\/#breadcrumb"},"inLanguage":"es","potentialAction":[{"@type":"ReadAction","target":["https:\/\/www.astronomy.tours\/es\/sabias-que-dos-astronautas-llevan-meses-atrapados-en-el-espacio-sin-una-fecha-de-regreso-a-la-vista%f0%9f%9a%80%f0%9f%8c%8c\/"]}]},{"@type":"ImageObject","inLanguage":"es","@id":"https:\/\/www.astronomy.tours\/es\/sabias-que-dos-astronautas-llevan-meses-atrapados-en-el-espacio-sin-una-fecha-de-regreso-a-la-vista%f0%9f%9a%80%f0%9f%8c%8c\/#primaryimage","url":"https:\/\/www.astronomy.tours\/wp-content\/uploads\/2025\/03\/stranded-astronauts.jpg","contentUrl":"https:\/\/www.astronomy.tours\/wp-content\/uploads\/2025\/03\/stranded-astronauts.jpg","width":1200,"height":900},{"@type":"BreadcrumbList","@id":"https:\/\/www.astronomy.tours\/es\/sabias-que-dos-astronautas-llevan-meses-atrapados-en-el-espacio-sin-una-fecha-de-regreso-a-la-vista%f0%9f%9a%80%f0%9f%8c%8c\/#breadcrumb","itemListElement":[{"@type":"ListItem","position":1,"name":"Home","item":"https:\/\/www.astronomy.tours\/es\/"},{"@type":"ListItem","position":2,"name":"\u00bfSab\u00edas que dos astronautas llevan meses atrapados en el espacio sin una fecha de regreso a la vista?"}]},{"@type":"WebSite","@id":"https:\/\/www.astronomy.tours\/#website","url":"https:\/\/www.astronomy.tours\/","name":"Astronomy Tours","description":"Astronomical tours","publisher":{"@id":"https:\/\/www.astronomy.tours\/#organization"},"potentialAction":[{"@type":"SearchAction","target":{"@type":"EntryPoint","urlTemplate":"https:\/\/www.astronomy.tours\/?s={search_term_string}"},"query-input":{"@type":"PropertyValueSpecification","valueRequired":true,"valueName":"search_term_string"}}],"inLanguage":"es"},{"@type":"Organization","@id":"https:\/\/www.astronomy.tours\/#organization","name":"Astronomy Tours S.COOP","url":"https:\/\/www.astronomy.tours\/","logo":{"@type":"ImageObject","inLanguage":"es","@id":"https:\/\/www.astronomy.tours\/#\/schema\/logo\/image\/","url":"https:\/\/www.astronomy.tours\/wp-content\/uploads\/2026\/02\/logo-astronomy-tours-black-small.png","contentUrl":"https:\/\/www.astronomy.tours\/wp-content\/uploads\/2026\/02\/logo-astronomy-tours-black-small.png","width":2000,"height":740,"caption":"Astronomy Tours S.COOP"},"image":{"@id":"https:\/\/www.astronomy.tours\/#\/schema\/logo\/image\/"},"sameAs":["https:\/\/www.facebook.com\/astronomy.tours\/","https:\/\/www.instagram.com\/astronomytours\/?hl=en"]},{"@type":"Person","@id":"https:\/\/www.astronomy.tours\/#\/schema\/person\/c5f60ac1e28cc134c5b9262b4183cc49","name":"Aleksandra Blaszczyk","image":{"@type":"ImageObject","inLanguage":"es","@id":"https:\/\/www.astronomy.tours\/#\/schema\/person\/image\/","url":"https:\/\/secure.gravatar.com\/avatar\/8725dfe76196d1d11fd9569043f423b5d6d79a1345aae1b9e2f491317c74b129?s=96&d=mm&r=g","contentUrl":"https:\/\/secure.gravatar.com\/avatar\/8725dfe76196d1d11fd9569043f423b5d6d79a1345aae1b9e2f491317c74b129?s=96&d=mm&r=g","caption":"Aleksandra Blaszczyk"},"url":"https:\/\/www.astronomy.tours\/es\/author\/aleksandra-blaszczykasctenerife-com\/"}]}},"_links":{"self":[{"href":"https:\/\/www.astronomy.tours\/es\/wp-json\/wp\/v2\/posts\/5080","targetHints":{"allow":["GET"]}}],"collection":[{"href":"https:\/\/www.astronomy.tours\/es\/wp-json\/wp\/v2\/posts"}],"about":[{"href":"https:\/\/www.astronomy.tours\/es\/wp-json\/wp\/v2\/types\/post"}],"author":[{"embeddable":true,"href":"https:\/\/www.astronomy.tours\/es\/wp-json\/wp\/v2\/users\/3"}],"replies":[{"embeddable":true,"href":"https:\/\/www.astronomy.tours\/es\/wp-json\/wp\/v2\/comments?post=5080"}],"version-history":[{"count":3,"href":"https:\/\/www.astronomy.tours\/es\/wp-json\/wp\/v2\/posts\/5080\/revisions"}],"predecessor-version":[{"id":5141,"href":"https:\/\/www.astronomy.tours\/es\/wp-json\/wp\/v2\/posts\/5080\/revisions\/5141"}],"wp:featuredmedia":[{"embeddable":true,"href":"https:\/\/www.astronomy.tours\/es\/wp-json\/wp\/v2\/media\/4511"}],"wp:attachment":[{"href":"https:\/\/www.astronomy.tours\/es\/wp-json\/wp\/v2\/media?parent=5080"}],"wp:term":[{"taxonomy":"category","embeddable":true,"href":"https:\/\/www.astronomy.tours\/es\/wp-json\/wp\/v2\/categories?post=5080"},{"taxonomy":"post_tag","embeddable":true,"href":"https:\/\/www.astronomy.tours\/es\/wp-json\/wp\/v2\/tags?post=5080"}],"curies":[{"name":"wp","href":"https:\/\/api.w.org\/{rel}","templated":true}]}}